{"id":1216,"date":"2025-08-01T16:11:33","date_gmt":"2025-08-01T16:11:33","guid":{"rendered":"https:\/\/carlosa270.sg-host.com\/?p=1216"},"modified":"2025-08-29T17:06:19","modified_gmt":"2025-08-29T17:06:19","slug":"el-americano-un-solo-plato-para-el-forastero","status":"publish","type":"post","link":"https:\/\/latradi.pe\/en\/el-americano-un-solo-plato-para-el-forastero\/","title":{"rendered":"El Americano \u2013 A single dish for the foreigner"},"content":{"rendered":"<p>In Arequipa, where the blazing sun beats down on tin rooftops and the volcanic stone walls whisper colonial secrets, there is a table that knows no language or passport: the picanter\u00eda. There, among the blue smoke of firewood and the clang of ladles against clay pots, was born\u2014by chance and necessity\u2014El Americano. <\/p>\n\n\n\n<p>Its history simmered slowly, like every good Arequipa stew. Some say it was between 1871 and 1874, when the Southern Railway began to lay its iron veins between Mollendo and Arequipa. Famished and disoriented, American engineers and officials\u2014nicknamed simply \u201camericanos\u201d by the locals\u2014would arrive at the picanter\u00edas, drawn in by the bold aroma of chili and the promise of a hearty meal.  The local custom of serving small delicacies in separate dishes, accompanied by clay pitchers of chicha, was impractical for them. So, in their broken Spanish, they requested something more convenient: \u201ceverything on one plate.\u201d<\/p>\n\n\n\n<p>That\u2019s when the \"picantera\" decided to unify the diverse: a stew or \"locro\" with rice, a chili made of pumpkin, a pork feet salad, and a vegetable fritter. Four worlds sharing the same plate. The result was a hearty, mestizo dish, proudly \"mistiano\" a true blend of Arequipa\u2019s flavors. Some began calling it, \u201cGive me the same as the American,\u201d and soon, simply, Americano.<\/p>\n\n\n\n<p>Theories about its origin are as abundant as potatoes in the Andes. Juan Guillermo Carpio Mu\u00f1oz attributes it to the inventiveness of the \"picanteras\"; others say it was hungry youngsters asking for \u201cdouble servings\u201d on a single plate.<\/p>\n\n\n\n<p>But beyond its origins, one truth remains: the Americano quickly met the standards of an Arequipa dish\u2014abundance, flavor, and fraternity.<\/p>\n\n\n\n<p>Today, the Americano is still proudly served at many tables, sometimes with stuffed rocoto, sometimes in lighter or reinvented versions. <\/p>\n\n\n\n<p>Because in Arequipa, as in life, sometimes a single dish is enough to say it all. <\/p>\n\n\n\n<p>And if that dish is called Americano, come and try it where it\u2019s still served with soul and firewood. At La Tradici\u00f3n Arequipe\u00f1a, flavor is not just remembered, it\u2019s relived.<\/p>\n\n\n\n<p><\/p>\n\n\n\n<h6 class=\"wp-block-heading\">References<\/h6>\n\n\n\n<p><\/p>\n\n\n\n<p>Cornejo Vel\u00e1squez, H. (2006). El simbolismo de la comida arequipe\u00f1a. Revista Investigaciones Sociales, 10(17), 41\u201365.<\/p>\n\n\n\n<p>Arequipa Tradicional 2. (s. f.). El Americano (Origen y Tradici\u00f3n). Recuperado de archivo PDF proporcionado por el usuario.<\/p>\n\n\n\n<p>Carpio Mu\u00f1oz, J. G. (1999). Diccionario de arequipe\u00f1ismos. Arequipa: Industria Gr\u00e1fica Regentus.<\/p>\n\n\n\n<p>Testimonio de Lucila Salas de Valencia, en: Cornejo Vel\u00e1squez (2006).<\/p>\n\n\n\n<p>Ugarte y Chocano, L. (s. f.). Investigaci\u00f3n in\u00e9dita citada en Arequipa Tradicional 2.<\/p>\n\n\n\n<p>Arce, M. R. (s. f.). Opini\u00f3n recogida en Arequipa Tradicional 2.<\/p>\n\n\n\n<p><\/p>","protected":false},"excerpt":{"rendered":"<p>\u2026a hug made of food, a generous blend, a story served warm.<\/p>","protected":false},"author":2,"featured_media":1236,"comment_status":"open","ping_status":"open","sticky":false,"template":"","format":"standard","meta":{"_acf_changed":false,"_joinchat":[],"footnotes":""},"categories":[17],"tags":[],"class_list":["post-1216","post","type-post","status-publish","format-standard","has-post-thumbnail","hentry","category-datos-curiosos"],"acf":[],"featured_image_src":{"landsacpe":["https:\/\/latradi.pe\/wp-content\/uploads\/2025\/08\/americano-articulo-1140x445.webp",1140,445,true],"list":["https:\/\/latradi.pe\/wp-content\/uploads\/2025\/08\/americano-articulo-463x348.webp",463,348,true],"medium":["https:\/\/latradi.pe\/wp-content\/uploads\/2025\/08\/americano-articulo-300x156.webp",300,156,true],"full":["https:\/\/latradi.pe\/wp-content\/uploads\/2025\/08\/americano-articulo.webp",1400,730,false]},"yoast_head":"<!-- This site is optimized with the Yoast SEO plugin v27.4 - https:\/\/yoast.com\/product\/yoast-seo-wordpress\/ -->\n<title>El Americano - Un solo plato para el forastero - Tradici\u00f3n Arequipe\u00f1a<\/title>\n<meta name=\"robots\" content=\"index, follow, max-snippet:-1, max-image-preview:large, max-video-preview:-1\" \/>\n<link rel=\"canonical\" href=\"https:\/\/latradi.pe\/en\/el-americano-un-solo-plato-para-el-forastero\/\" \/>\n<meta property=\"og:locale\" content=\"en_US\" \/>\n<meta property=\"og:type\" content=\"article\" \/>\n<meta property=\"og:title\" content=\"El Americano - Un solo plato para el forastero - Tradici\u00f3n Arequipe\u00f1a\" \/>\n<meta property=\"og:description\" content=\"\u2026un abrazo de comida, una s\u00edntesis generosa, una historia servida caliente.\" \/>\n<meta property=\"og:url\" content=\"https:\/\/latradi.pe\/en\/el-americano-un-solo-plato-para-el-forastero\/\" \/>\n<meta property=\"og:site_name\" content=\"Tradici\u00f3n Arequipe\u00f1a\" \/>\n<meta property=\"article:publisher\" content=\"https:\/\/www.facebook.com\/latradi\/?locale=es_LA\" \/>\n<meta property=\"article:published_time\" content=\"2025-08-01T16:11:33+00:00\" \/>\n<meta property=\"article:modified_time\" content=\"2025-08-29T17:06:19+00:00\" \/>\n<meta property=\"og:image\" content=\"https:\/\/latradi.pe\/wp-content\/uploads\/2025\/08\/americano-articulo.webp\" \/>\n\t<meta property=\"og:image:width\" content=\"1400\" \/>\n\t<meta property=\"og:image:height\" content=\"730\" \/>\n\t<meta property=\"og:image:type\" content=\"image\/webp\" \/>\n<meta name=\"author\" content=\"Tradici\u00f3n Arequipe\u00f1a\" \/>\n<meta name=\"twitter:card\" content=\"summary_large_image\" \/>\n<meta name=\"twitter:label1\" content=\"Written by\" \/>\n\t<meta name=\"twitter:data1\" content=\"Tradici\u00f3n Arequipe\u00f1a\" \/>\n\t<meta name=\"twitter:label2\" content=\"Est. reading time\" \/>\n\t<meta name=\"twitter:data2\" content=\"4 minutes\" \/>\n<script type=\"application\/ld+json\" class=\"yoast-schema-graph\">{\"@context\":\"https:\\\/\\\/schema.org\",\"@graph\":[{\"@type\":\"Article\",\"@id\":\"https:\\\/\\\/latradi.pe\\\/el-americano-un-solo-plato-para-el-forastero\\\/#article\",\"isPartOf\":{\"@id\":\"https:\\\/\\\/latradi.pe\\\/el-americano-un-solo-plato-para-el-forastero\\\/\"},\"author\":{\"name\":\"Tradici\u00f3n Arequipe\u00f1a\",\"@id\":\"https:\\\/\\\/latradi.pe\\\/#\\\/schema\\\/person\\\/948a0003545e0927c68529c93cd9627f\"},\"headline\":\"El Americano &#8211; Un solo plato para el forastero\",\"datePublished\":\"2025-08-01T16:11:33+00:00\",\"dateModified\":\"2025-08-29T17:06:19+00:00\",\"mainEntityOfPage\":{\"@id\":\"https:\\\/\\\/latradi.pe\\\/el-americano-un-solo-plato-para-el-forastero\\\/\"},\"wordCount\":680,\"commentCount\":0,\"publisher\":{\"@id\":\"https:\\\/\\\/latradi.pe\\\/#organization\"},\"image\":{\"@id\":\"https:\\\/\\\/latradi.pe\\\/el-americano-un-solo-plato-para-el-forastero\\\/#primaryimage\"},\"thumbnailUrl\":\"https:\\\/\\\/latradi.pe\\\/wp-content\\\/uploads\\\/2025\\\/08\\\/americano-articulo.webp\",\"articleSection\":[\"Datos curiosos\"],\"inLanguage\":\"en-US\",\"potentialAction\":[{\"@type\":\"CommentAction\",\"name\":\"Comment\",\"target\":[\"https:\\\/\\\/latradi.pe\\\/el-americano-un-solo-plato-para-el-forastero\\\/#respond\"]}]},{\"@type\":\"WebPage\",\"@id\":\"https:\\\/\\\/latradi.pe\\\/el-americano-un-solo-plato-para-el-forastero\\\/\",\"url\":\"https:\\\/\\\/latradi.pe\\\/el-americano-un-solo-plato-para-el-forastero\\\/\",\"name\":\"El Americano - Un solo plato para el forastero - Tradici\u00f3n Arequipe\u00f1a\",\"isPartOf\":{\"@id\":\"https:\\\/\\\/latradi.pe\\\/#website\"},\"primaryImageOfPage\":{\"@id\":\"https:\\\/\\\/latradi.pe\\\/el-americano-un-solo-plato-para-el-forastero\\\/#primaryimage\"},\"image\":{\"@id\":\"https:\\\/\\\/latradi.pe\\\/el-americano-un-solo-plato-para-el-forastero\\\/#primaryimage\"},\"thumbnailUrl\":\"https:\\\/\\\/latradi.pe\\\/wp-content\\\/uploads\\\/2025\\\/08\\\/americano-articulo.webp\",\"datePublished\":\"2025-08-01T16:11:33+00:00\",\"dateModified\":\"2025-08-29T17:06:19+00:00\",\"breadcrumb\":{\"@id\":\"https:\\\/\\\/latradi.pe\\\/el-americano-un-solo-plato-para-el-forastero\\\/#breadcrumb\"},\"inLanguage\":\"en-US\",\"potentialAction\":[{\"@type\":\"ReadAction\",\"target\":[\"https:\\\/\\\/latradi.pe\\\/el-americano-un-solo-plato-para-el-forastero\\\/\"]}]},{\"@type\":\"ImageObject\",\"inLanguage\":\"en-US\",\"@id\":\"https:\\\/\\\/latradi.pe\\\/el-americano-un-solo-plato-para-el-forastero\\\/#primaryimage\",\"url\":\"https:\\\/\\\/latradi.pe\\\/wp-content\\\/uploads\\\/2025\\\/08\\\/americano-articulo.webp\",\"contentUrl\":\"https:\\\/\\\/latradi.pe\\\/wp-content\\\/uploads\\\/2025\\\/08\\\/americano-articulo.webp\",\"width\":1400,\"height\":730,\"caption\":\"Americano\"},{\"@type\":\"BreadcrumbList\",\"@id\":\"https:\\\/\\\/latradi.pe\\\/el-americano-un-solo-plato-para-el-forastero\\\/#breadcrumb\",\"itemListElement\":[{\"@type\":\"ListItem\",\"position\":1,\"name\":\"Portada\",\"item\":\"https:\\\/\\\/latradi.pe\\\/\"},{\"@type\":\"ListItem\",\"position\":2,\"name\":\"El Americano &#8211; Un solo plato para el forastero\"}]},{\"@type\":\"WebSite\",\"@id\":\"https:\\\/\\\/latradi.pe\\\/#website\",\"url\":\"https:\\\/\\\/latradi.pe\\\/\",\"name\":\"Tradici\u00f3n Arequipe\u00f1a\",\"description\":\"Somos parte de la m\u00e1s pura tradici\u00f3n arequipe\u00f1a, en #LaTradi conservamos los sabores de anta\u00f1o. \u00a1Ven a disfrutar de nuestros deliciosos platos arequipe\u00f1os ...\",\"publisher\":{\"@id\":\"https:\\\/\\\/latradi.pe\\\/#organization\"},\"potentialAction\":[{\"@type\":\"SearchAction\",\"target\":{\"@type\":\"EntryPoint\",\"urlTemplate\":\"https:\\\/\\\/latradi.pe\\\/?s={search_term_string}\"},\"query-input\":{\"@type\":\"PropertyValueSpecification\",\"valueRequired\":true,\"valueName\":\"search_term_string\"}}],\"inLanguage\":\"en-US\"},{\"@type\":\"Organization\",\"@id\":\"https:\\\/\\\/latradi.pe\\\/#organization\",\"name\":\"Tradici\u00f3n Arequipe\u00f1a\",\"url\":\"https:\\\/\\\/latradi.pe\\\/\",\"logo\":{\"@type\":\"ImageObject\",\"inLanguage\":\"en-US\",\"@id\":\"https:\\\/\\\/latradi.pe\\\/#\\\/schema\\\/logo\\\/image\\\/\",\"url\":\"https:\\\/\\\/latradi.pe\\\/wp-content\\\/uploads\\\/2025\\\/07\\\/logo-tradi.png\",\"contentUrl\":\"https:\\\/\\\/latradi.pe\\\/wp-content\\\/uploads\\\/2025\\\/07\\\/logo-tradi.png\",\"width\":301,\"height\":131,\"caption\":\"Tradici\u00f3n Arequipe\u00f1a\"},\"image\":{\"@id\":\"https:\\\/\\\/latradi.pe\\\/#\\\/schema\\\/logo\\\/image\\\/\"},\"sameAs\":[\"https:\\\/\\\/www.facebook.com\\\/latradi\\\/?locale=es_LA\",\"https:\\\/\\\/www.instagram.com\\\/tradicionarequipena\\\/?hl=es\",\"https:\\\/\\\/www.tiktok.com\\\/@tradicionarequipena\",\"https:\\\/\\\/www.youtube.com\\\/channel\\\/UCRac_-jicMVpKKSbvDgqSdw\"]},{\"@type\":\"Person\",\"@id\":\"https:\\\/\\\/latradi.pe\\\/#\\\/schema\\\/person\\\/948a0003545e0927c68529c93cd9627f\",\"name\":\"Tradici\u00f3n Arequipe\u00f1a\",\"image\":{\"@type\":\"ImageObject\",\"inLanguage\":\"en-US\",\"@id\":\"https:\\\/\\\/secure.gravatar.com\\\/avatar\\\/e89eccbb882cd08d14fdbca4419fb65bf2b95520dfa9f3961e45a128e59b4b52?s=96&d=mm&r=g\",\"url\":\"https:\\\/\\\/secure.gravatar.com\\\/avatar\\\/e89eccbb882cd08d14fdbca4419fb65bf2b95520dfa9f3961e45a128e59b4b52?s=96&d=mm&r=g\",\"contentUrl\":\"https:\\\/\\\/secure.gravatar.com\\\/avatar\\\/e89eccbb882cd08d14fdbca4419fb65bf2b95520dfa9f3961e45a128e59b4b52?s=96&d=mm&r=g\",\"caption\":\"Tradici\u00f3n Arequipe\u00f1a\"},\"url\":\"https:\\\/\\\/latradi.pe\\\/en\\\/author\\\/tradi\\\/\"}]}<\/script>\n<!-- \/ Yoast SEO plugin. -->","yoast_head_json":{"title":"El Americano - Un solo plato para el forastero - Tradici\u00f3n Arequipe\u00f1a","robots":{"index":"index","follow":"follow","max-snippet":"max-snippet:-1","max-image-preview":"max-image-preview:large","max-video-preview":"max-video-preview:-1"},"canonical":"https:\/\/latradi.pe\/en\/el-americano-un-solo-plato-para-el-forastero\/","og_locale":"en_US","og_type":"article","og_title":"El Americano - Un solo plato para el forastero - Tradici\u00f3n Arequipe\u00f1a","og_description":"\u2026un abrazo de comida, una s\u00edntesis generosa, una historia servida caliente.","og_url":"https:\/\/latradi.pe\/en\/el-americano-un-solo-plato-para-el-forastero\/","og_site_name":"Tradici\u00f3n Arequipe\u00f1a","article_publisher":"https:\/\/www.facebook.com\/latradi\/?locale=es_LA","article_published_time":"2025-08-01T16:11:33+00:00","article_modified_time":"2025-08-29T17:06:19+00:00","og_image":[{"width":1400,"height":730,"url":"https:\/\/latradi.pe\/wp-content\/uploads\/2025\/08\/americano-articulo.webp","type":"image\/webp"}],"author":"Tradici\u00f3n Arequipe\u00f1a","twitter_card":"summary_large_image","twitter_misc":{"Written by":"Tradici\u00f3n Arequipe\u00f1a","Est. reading time":"4 minutes"},"schema":{"@context":"https:\/\/schema.org","@graph":[{"@type":"Article","@id":"https:\/\/latradi.pe\/el-americano-un-solo-plato-para-el-forastero\/#article","isPartOf":{"@id":"https:\/\/latradi.pe\/el-americano-un-solo-plato-para-el-forastero\/"},"author":{"name":"Tradici\u00f3n Arequipe\u00f1a","@id":"https:\/\/latradi.pe\/#\/schema\/person\/948a0003545e0927c68529c93cd9627f"},"headline":"El Americano &#8211; Un solo plato para el forastero","datePublished":"2025-08-01T16:11:33+00:00","dateModified":"2025-08-29T17:06:19+00:00","mainEntityOfPage":{"@id":"https:\/\/latradi.pe\/el-americano-un-solo-plato-para-el-forastero\/"},"wordCount":680,"commentCount":0,"publisher":{"@id":"https:\/\/latradi.pe\/#organization"},"image":{"@id":"https:\/\/latradi.pe\/el-americano-un-solo-plato-para-el-forastero\/#primaryimage"},"thumbnailUrl":"https:\/\/latradi.pe\/wp-content\/uploads\/2025\/08\/americano-articulo.webp","articleSection":["Datos curiosos"],"inLanguage":"en-US","potentialAction":[{"@type":"CommentAction","name":"Comment","target":["https:\/\/latradi.pe\/el-americano-un-solo-plato-para-el-forastero\/#respond"]}]},{"@type":"WebPage","@id":"https:\/\/latradi.pe\/el-americano-un-solo-plato-para-el-forastero\/","url":"https:\/\/latradi.pe\/el-americano-un-solo-plato-para-el-forastero\/","name":"El Americano - Un solo plato para el forastero - Tradici\u00f3n Arequipe\u00f1a","isPartOf":{"@id":"https:\/\/latradi.pe\/#website"},"primaryImageOfPage":{"@id":"https:\/\/latradi.pe\/el-americano-un-solo-plato-para-el-forastero\/#primaryimage"},"image":{"@id":"https:\/\/latradi.pe\/el-americano-un-solo-plato-para-el-forastero\/#primaryimage"},"thumbnailUrl":"https:\/\/latradi.pe\/wp-content\/uploads\/2025\/08\/americano-articulo.webp","datePublished":"2025-08-01T16:11:33+00:00","dateModified":"2025-08-29T17:06:19+00:00","breadcrumb":{"@id":"https:\/\/latradi.pe\/el-americano-un-solo-plato-para-el-forastero\/#breadcrumb"},"inLanguage":"en-US","potentialAction":[{"@type":"ReadAction","target":["https:\/\/latradi.pe\/el-americano-un-solo-plato-para-el-forastero\/"]}]},{"@type":"ImageObject","inLanguage":"en-US","@id":"https:\/\/latradi.pe\/el-americano-un-solo-plato-para-el-forastero\/#primaryimage","url":"https:\/\/latradi.pe\/wp-content\/uploads\/2025\/08\/americano-articulo.webp","contentUrl":"https:\/\/latradi.pe\/wp-content\/uploads\/2025\/08\/americano-articulo.webp","width":1400,"height":730,"caption":"Americano"},{"@type":"BreadcrumbList","@id":"https:\/\/latradi.pe\/el-americano-un-solo-plato-para-el-forastero\/#breadcrumb","itemListElement":[{"@type":"ListItem","position":1,"name":"Portada","item":"https:\/\/latradi.pe\/"},{"@type":"ListItem","position":2,"name":"El Americano &#8211; Un solo plato para el forastero"}]},{"@type":"WebSite","@id":"https:\/\/latradi.pe\/#website","url":"https:\/\/latradi.pe\/","name":"Tradici\u00f3n Arequipe\u00f1a","description":"Somos parte de la m\u00e1s pura tradici\u00f3n arequipe\u00f1a, en #LaTradi conservamos los sabores de anta\u00f1o. \u00a1Ven a disfrutar de nuestros deliciosos platos arequipe\u00f1os ...","publisher":{"@id":"https:\/\/latradi.pe\/#organization"},"potentialAction":[{"@type":"SearchAction","target":{"@type":"EntryPoint","urlTemplate":"https:\/\/latradi.pe\/?s={search_term_string}"},"query-input":{"@type":"PropertyValueSpecification","valueRequired":true,"valueName":"search_term_string"}}],"inLanguage":"en-US"},{"@type":"Organization","@id":"https:\/\/latradi.pe\/#organization","name":"Tradici\u00f3n Arequipe\u00f1a","url":"https:\/\/latradi.pe\/","logo":{"@type":"ImageObject","inLanguage":"en-US","@id":"https:\/\/latradi.pe\/#\/schema\/logo\/image\/","url":"https:\/\/latradi.pe\/wp-content\/uploads\/2025\/07\/logo-tradi.png","contentUrl":"https:\/\/latradi.pe\/wp-content\/uploads\/2025\/07\/logo-tradi.png","width":301,"height":131,"caption":"Tradici\u00f3n Arequipe\u00f1a"},"image":{"@id":"https:\/\/latradi.pe\/#\/schema\/logo\/image\/"},"sameAs":["https:\/\/www.facebook.com\/latradi\/?locale=es_LA","https:\/\/www.instagram.com\/tradicionarequipena\/?hl=es","https:\/\/www.tiktok.com\/@tradicionarequipena","https:\/\/www.youtube.com\/channel\/UCRac_-jicMVpKKSbvDgqSdw"]},{"@type":"Person","@id":"https:\/\/latradi.pe\/#\/schema\/person\/948a0003545e0927c68529c93cd9627f","name":"Tradici\u00f3n Arequipe\u00f1a","image":{"@type":"ImageObject","inLanguage":"en-US","@id":"https:\/\/secure.gravatar.com\/avatar\/e89eccbb882cd08d14fdbca4419fb65bf2b95520dfa9f3961e45a128e59b4b52?s=96&d=mm&r=g","url":"https:\/\/secure.gravatar.com\/avatar\/e89eccbb882cd08d14fdbca4419fb65bf2b95520dfa9f3961e45a128e59b4b52?s=96&d=mm&r=g","contentUrl":"https:\/\/secure.gravatar.com\/avatar\/e89eccbb882cd08d14fdbca4419fb65bf2b95520dfa9f3961e45a128e59b4b52?s=96&d=mm&r=g","caption":"Tradici\u00f3n Arequipe\u00f1a"},"url":"https:\/\/latradi.pe\/en\/author\/tradi\/"}]}},"_links":{"self":[{"href":"https:\/\/latradi.pe\/en\/wp-json\/wp\/v2\/posts\/1216","targetHints":{"allow":["GET"]}}],"collection":[{"href":"https:\/\/latradi.pe\/en\/wp-json\/wp\/v2\/posts"}],"about":[{"href":"https:\/\/latradi.pe\/en\/wp-json\/wp\/v2\/types\/post"}],"author":[{"embeddable":true,"href":"https:\/\/latradi.pe\/en\/wp-json\/wp\/v2\/users\/2"}],"replies":[{"embeddable":true,"href":"https:\/\/latradi.pe\/en\/wp-json\/wp\/v2\/comments?post=1216"}],"version-history":[{"count":7,"href":"https:\/\/latradi.pe\/en\/wp-json\/wp\/v2\/posts\/1216\/revisions"}],"predecessor-version":[{"id":1821,"href":"https:\/\/latradi.pe\/en\/wp-json\/wp\/v2\/posts\/1216\/revisions\/1821"}],"wp:featuredmedia":[{"embeddable":true,"href":"https:\/\/latradi.pe\/en\/wp-json\/wp\/v2\/media\/1236"}],"wp:attachment":[{"href":"https:\/\/latradi.pe\/en\/wp-json\/wp\/v2\/media?parent=1216"}],"wp:term":[{"taxonomy":"category","embeddable":true,"href":"https:\/\/latradi.pe\/en\/wp-json\/wp\/v2\/categories?post=1216"},{"taxonomy":"post_tag","embeddable":true,"href":"https:\/\/latradi.pe\/en\/wp-json\/wp\/v2\/tags?post=1216"}],"curies":[{"name":"wp","href":"https:\/\/api.w.org\/{rel}","templated":true}]}}